{"id":204,"date":"2016-06-21T14:20:27","date_gmt":"2016-06-21T12:20:27","guid":{"rendered":"http:\/\/www.insport-ev.de\/?p=204"},"modified":"2016-06-21T14:30:37","modified_gmt":"2016-06-21T12:30:37","slug":"es-gab-keine-barriere","status":"publish","type":"post","link":"https:\/\/www.insport-ev.de\/?p=204","title":{"rendered":"Es gab keine Barriere"},"content":{"rendered":"<p>&#8222;Zwei der geistig behinderten Sportler, Stefan Haas und Daniel Ebert, haben in der vergangenen Woche f\u00fcr<br \/>\nDeutschland bei den Special Olympics in Hannover die Goldmedaille gewonnen. \u00bbDiese Leistungen sind gar<br \/>\nnicht hoch genug einzusch\u00e4tzen\u00ab, sagt Alexander Hilzendegen.<br \/>\nUnd er muss es wissen. Der Wiesthaler war mal Gem\u00fcndens Sportler des Jahres, bayerischer Leichtathletik-<br \/>\nMeister und holte Bronze bei der deutschen Meisterscha\/ der Triathleten. Jetzt bet\u00e4tigt sich der 50-J\u00e4hrige nur<br \/>\nnoch als Freiwasserschwimmer beim TSV Lohr &#8211; und k\u00fcmmert sich nebenbei auch um das Training der geistig<br \/>\nbehinderten Schwimmer, die bei den Mainfr\u00e4nkischen Werkst\u00e4tten in Gem\u00fcnden wohnen.&#8220;<\/p>\n<p>Den ganzen Texten k\u00f6nnen Sie <a href=\"http:\/\/www.main-echo.de\/regional\/kreis-main-spessart\/art3993,4134892\">hier<\/a>\u00a0lesen<\/p>\n","protected":false},"excerpt":{"rendered":"<p>&#8222;Zwei der geistig behinderten Sportler, Stefan Haas und Daniel Ebert, haben in der vergangenen Woche f\u00fcr Deutschland bei den Special Olympics in Hannover die Goldmedaille gewonnen. \u00bbDiese Leistungen sind gar nicht hoch genug einzusch\u00e4tzen\u00ab, sagt Alexander Hilzendegen. Und er muss es wissen. Der Wiesthaler war mal Gem\u00fcndens Sportler des Jahres, bayerischer Leichtathletik- Meister und holte [&hellip;]<\/p>\n","protected":false},"author":11,"featured_media":0,"comment_status":"open","ping_status":"open","sticky":false,"template":"","format":"standard","meta":[],"categories":[1,5],"tags":[],"_links":{"self":[{"href":"https:\/\/www.insport-ev.de\/index.php?rest_route=\/wp\/v2\/posts\/204"}],"collection":[{"href":"https:\/\/www.insport-ev.de\/index.php?rest_route=\/wp\/v2\/posts"}],"about":[{"href":"https:\/\/www.insport-ev.de\/index.php?rest_route=\/wp\/v2\/types\/post"}],"author":[{"embeddable":true,"href":"https:\/\/www.insport-ev.de\/index.php?rest_route=\/wp\/v2\/users\/11"}],"replies":[{"embeddable":true,"href":"https:\/\/www.insport-ev.de\/index.php?rest_route=%2Fwp%2Fv2%2Fcomments&post=204"}],"version-history":[{"count":2,"href":"https:\/\/www.insport-ev.de\/index.php?rest_route=\/wp\/v2\/posts\/204\/revisions"}],"predecessor-version":[{"id":206,"href":"https:\/\/www.insport-ev.de\/index.php?rest_route=\/wp\/v2\/posts\/204\/revisions\/206"}],"wp:attachment":[{"href":"https:\/\/www.insport-ev.de\/index.php?rest_route=%2Fwp%2Fv2%2Fmedia&parent=204"}],"wp:term":[{"taxonomy":"category","embeddable":true,"href":"https:\/\/www.insport-ev.de\/index.php?rest_route=%2Fwp%2Fv2%2Fcategories&post=204"},{"taxonomy":"post_tag","embeddable":true,"href":"https:\/\/www.insport-ev.de\/index.php?rest_route=%2Fwp%2Fv2%2Ftags&post=204"}],"curies":[{"name":"wp","href":"https:\/\/api.w.org\/{rel}","templated":true}]}}