{"id":176,"date":"2016-06-12T07:44:08","date_gmt":"2016-06-12T05:44:08","guid":{"rendered":"http:\/\/www.insport-ev.de\/?p=176"},"modified":"2017-12-15T09:45:33","modified_gmt":"2017-12-15T08:45:33","slug":"special-olympics-gemeinsam-stark","status":"publish","type":"post","link":"https:\/\/www.insport-ev.de\/?p=176","title":{"rendered":"Special Olympics- Gemeinsam stark!"},"content":{"rendered":"<p dir=\"LTR\" align=\"LEFT\">Dieses Motto hatten die 10. Nationalen Special Olympics Sommerspiele, die vorige Woche in Hannover f\u00fcr knapp f\u00fcnf tausend Menschen mit geistiger Behinderung ausgetragen wurden.<br \/>\nEr\u00f6ffnet wurde die bunte Veranstaltung in der TUI-Arena von Daniela Schadt, der Lebensgef\u00e4hrtin des Bundespr\u00e4sidenten.<br \/>\nAuch vier Sportler aus dem Landkreis, die in den Mainfr\u00e4nkischen Werkst\u00e4tten in Gem\u00fcnden arbeiten, waren dabei: mit bemerkenswerten Erfolgen:<br \/>\nZum ersten Mal waren Daniel Ebert aus Gem\u00fcnden und Stefan Haas aus Burgsinn f\u00fcr die 4x 50m Freistil Unifiedstaffel gemeldet worden. Dabei treten zwei behinderte und zwei nichtbehinderte Athleten miteinander an.<\/p>\n<p dir=\"LTR\" align=\"LEFT\">Mit Alexander Hilzedegen aus Wiesthal und Hans-Peter Schecher aus Lohr hatte Coach Dieter Anderlohr aus Frammersbach offensichtlich eine gute Wahl getroffen.<br \/>\nNach verhaltenem Start von Stefan Haas hatte Hans- Peter Schecher den R\u00fcckstand schnell aufgeholt, Daniel Ebert konnte mithalten und Alexander Hilzedegen f\u00fchrte das Quartett in 2.40.37 schlie\u00dflich zu Gold. Gegen\u00fcber dem Vorlauf eine Verbesserung um f\u00fcnf Sekunden!<\/p>\n<p dir=\"LTR\" align=\"LEFT\">In den Einzelwettk\u00e4mpfen \u00fcber 25m Freistil war die Leistungsdichte gro\u00df.<br \/>\nSusanne Bayer musste auf den letzten Metern einige Konkurrenten ziehen lassen und belegte den f\u00fcnften Rang. \u00c4hnlich erging es Kurt Haupeltshofer und Stefan Haas, trotz guter Leistung reichte es nur zum sechsten Platz.<br \/>\nDaniel Ebert hatte sich im Ziel schon \u00fcber die Broncemedaille gefreut- zu fr\u00fch. Das Zielgericht setze ihn dann doch auf Platz vier.<br \/>\nDieter Anderlohr war mit dem Ergebnis zufrieden- alle Athleten hatten ihre Trainingsleistungen verbessert.<\/p>\n<p dir=\"LTR\" align=\"LEFT\">Immer 6 \u2013 8 Starter treten bei den Wettk\u00e4mpfen von Special Olympics, an ihrer pers\u00f6nlichen Leistung in den Vorl\u00e4ufen gemessen, in einer Gruppe gegeneinander an. \u201eSo werden die pers\u00f6nlichen Leistungen der behinderten Menschen am besten honoriert&#8220;, erkl\u00e4rt Dieter Anderlohr, Delegationsleiter der Gruppe, der zusammen mit Coach Doris Hahn aus Seifriedsburg die Schwimmer betreute.<br \/>\nJeden Donnerstag trainieren die Schwimmer mit ihren Trainern im Karlstadter Hallenbad als Mitglieder im Verein &#8222;Insport&#8220;. Das konsequente Training zahlt sich in deutlichen Leistungssteigerungen aus. .<\/p>\n<p dir=\"LTR\" align=\"LEFT\">Neben dem sportlichen Teil gab es f\u00fcr die Teilnehmer noch mehr zu erleben. Auf dem Programm standen das Olympic Town und das wettbewerbsfreie Angebot.<\/p>\n<p dir=\"LTR\" align=\"LEFT\">Mit Begeisterung wurde der Ausflug in den Heidepark in Soltau aufgenommen.<\/p>\n<p dir=\"LTR\" align=\"LEFT\">Insgesamt war es ein gro\u00dfes Erlebnis f\u00fcr K\u00f6rper, Geist und Seele der behinderten Menschen, die von den Mainfr\u00e4nkischen Werkst\u00e4tten und den Offenen Hilfen der Lebenshilfe Main- Spessart unterst\u00fctzt wurden.<\/p>\n<figure id=\"attachment_177\" aria-describedby=\"caption-attachment-177\" style=\"width: 987px\" class=\"wp-caption alignnone\"><a href=\"https:\/\/www.insport-ev.de\/wp-content\/uploads\/2016\/06\/20160608_145128_1920.jpg\" rel=\"attachment wp-att-177\"><img loading=\"lazy\" class=\"wp-image-177 size-large\" src=\"https:\/\/www.insport-ev.de\/wp-content\/uploads\/2016\/06\/20160608_145128_1920-1024x768.jpg\" alt=\"20160608_145128_1920\" width=\"987\" height=\"740\" srcset=\"https:\/\/www.insport-ev.de\/wp-content\/uploads\/2016\/06\/20160608_145128_1920-1024x768.jpg 1024w, https:\/\/www.insport-ev.de\/wp-content\/uploads\/2016\/06\/20160608_145128_1920-300x225.jpg 300w, https:\/\/www.insport-ev.de\/wp-content\/uploads\/2016\/06\/20160608_145128_1920-768x576.jpg 768w, https:\/\/www.insport-ev.de\/wp-content\/uploads\/2016\/06\/20160608_145128_1920-938x704.jpg 938w, https:\/\/www.insport-ev.de\/wp-content\/uploads\/2016\/06\/20160608_145128_1920-1309x982.jpg 1309w, https:\/\/www.insport-ev.de\/wp-content\/uploads\/2016\/06\/20160608_145128_1920.jpg 1920w\" sizes=\"(max-width: 987px) 100vw, 987px\" \/><\/a><figcaption id=\"caption-attachment-177\" class=\"wp-caption-text\">Das Bild zeigt die siegreiche Staffel mit Haas, Schecher, Ebert, Hilzedegen, v.l.<\/figcaption><\/figure>\n","protected":false},"excerpt":{"rendered":"<p>Dieses Motto hatten die 10. Nationalen Special Olympics Sommerspiele, die vorige Woche in Hannover f\u00fcr knapp f\u00fcnf tausend Menschen mit geistiger Behinderung ausgetragen wurden. Er\u00f6ffnet wurde die bunte Veranstaltung in der TUI-Arena von Daniela Schadt, der Lebensgef\u00e4hrtin des Bundespr\u00e4sidenten. Auch vier Sportler aus dem Landkreis, die in den Mainfr\u00e4nkischen Werkst\u00e4tten in Gem\u00fcnden arbeiten, waren dabei: [&hellip;]<\/p>\n","protected":false},"author":2,"featured_media":0,"comment_status":"open","ping_status":"open","sticky":false,"template":"","format":"standard","meta":[],"categories":[1,5],"tags":[],"_links":{"self":[{"href":"https:\/\/www.insport-ev.de\/index.php?rest_route=\/wp\/v2\/posts\/176"}],"collection":[{"href":"https:\/\/www.insport-ev.de\/index.php?rest_route=\/wp\/v2\/posts"}],"about":[{"href":"https:\/\/www.insport-ev.de\/index.php?rest_route=\/wp\/v2\/types\/post"}],"author":[{"embeddable":true,"href":"https:\/\/www.insport-ev.de\/index.php?rest_route=\/wp\/v2\/users\/2"}],"replies":[{"embeddable":true,"href":"https:\/\/www.insport-ev.de\/index.php?rest_route=%2Fwp%2Fv2%2Fcomments&post=176"}],"version-history":[{"count":4,"href":"https:\/\/www.insport-ev.de\/index.php?rest_route=\/wp\/v2\/posts\/176\/revisions"}],"predecessor-version":[{"id":290,"href":"https:\/\/www.insport-ev.de\/index.php?rest_route=\/wp\/v2\/posts\/176\/revisions\/290"}],"wp:attachment":[{"href":"https:\/\/www.insport-ev.de\/index.php?rest_route=%2Fwp%2Fv2%2Fmedia&parent=176"}],"wp:term":[{"taxonomy":"category","embeddable":true,"href":"https:\/\/www.insport-ev.de\/index.php?rest_route=%2Fwp%2Fv2%2Fcategories&post=176"},{"taxonomy":"post_tag","embeddable":true,"href":"https:\/\/www.insport-ev.de\/index.php?rest_route=%2Fwp%2Fv2%2Ftags&post=176"}],"curies":[{"name":"wp","href":"https:\/\/api.w.org\/{rel}","templated":true}]}}